{"id":3915,"date":"2024-06-20T12:45:53","date_gmt":"2024-06-20T10:45:53","guid":{"rendered":"https:\/\/biennaledladziecka.pl\/?p=3915"},"modified":"2024-06-20T12:45:53","modified_gmt":"2024-06-20T10:45:53","slug":"competition-for-an-artistic-event-for-children","status":"publish","type":"post","link":"https:\/\/biennaledladziecka.pl\/en\/competition-for-an-artistic-event-for-children\/","title":{"rendered":"Competition for an Artistic Event for Children as part of the 25th Children\u2019s Art Biennale!"},"content":{"rendered":"","protected":false},"excerpt":{"rendered":"","protected":false},"author":12,"featured_media":3703,"comment_status":"closed","ping_status":"open","sticky":false,"template":"","format":"standard","meta":{"_acf_changed":false,"footnotes":""},"tags":[],"class_list":["post-3915","post","type-post","status-publish","format-standard","has-post-thumbnail","hentry"],"acf":[],"yoast_head":"<!-- This site is optimized with the Yoast SEO plugin v24.5 - https:\/\/yoast.com\/wordpress\/plugins\/seo\/ -->\n<title>Competition for an Artistic Event for Children as part of the 25th Children\u2019s Art Biennale! - Children\u2019s Art Biennale<\/title>\n<meta name=\"robots\" content=\"index, follow, max-snippet:-1, max-image-preview:large, max-video-preview:-1\" \/>\n<link rel=\"canonical\" href=\"https:\/\/biennaledladziecka.pl\/en\/competition-for-an-artistic-event-for-children\/\" \/>\n<meta property=\"og:locale\" content=\"en_US\" \/>\n<meta property=\"og:type\" content=\"article\" \/>\n<meta property=\"og:title\" content=\"Competition for an Artistic Event for Children as part of the 25th Children\u2019s Art Biennale! - Children\u2019s Art Biennale\" \/>\n<meta property=\"og:url\" content=\"https:\/\/biennaledladziecka.pl\/en\/competition-for-an-artistic-event-for-children\/\" \/>\n<meta property=\"og:site_name\" content=\"Children\u2019s Art Biennale\" \/>\n<meta property=\"article:publisher\" content=\"https:\/\/www.facebook.com\/BiennaleSztukiDziecka\" \/>\n<meta property=\"article:published_time\" content=\"2024-06-20T10:45:53+00:00\" \/>\n<meta property=\"og:image\" content=\"https:\/\/biennaledladziecka.pl\/wp-content\/uploads\/2023\/06\/1.06.23-Drzwi-do-lasu-fot.-Malwina-Lubienska-male-8-scaled.jpg\" \/>\n\t<meta property=\"og:image:width\" content=\"2560\" \/>\n\t<meta property=\"og:image:height\" content=\"1707\" \/>\n\t<meta property=\"og:image:type\" content=\"image\/jpeg\" \/>\n<meta name=\"author\" content=\"Agata Chwirot\" \/>\n<meta name=\"twitter:card\" content=\"summary_large_image\" \/>\n<meta name=\"twitter:label1\" content=\"Written by\" \/>\n\t<meta name=\"twitter:data1\" content=\"Agata Chwirot\" \/>\n<script type=\"application\/ld+json\" class=\"yoast-schema-graph\">{\"@context\":\"https:\/\/schema.org\",\"@graph\":[{\"@type\":\"Article\",\"@id\":\"https:\/\/biennaledladziecka.pl\/en\/competition-for-an-artistic-event-for-children\/#article\",\"isPartOf\":{\"@id\":\"https:\/\/biennaledladziecka.pl\/en\/competition-for-an-artistic-event-for-children\/\"},\"author\":{\"name\":\"Agata Chwirot\",\"@id\":\"https:\/\/biennaledladziecka.pl\/#\/schema\/person\/c12e94068841aec45a8185149a320af1\"},\"headline\":\"Competition for an Artistic Event for Children as part of the 25th Children\u2019s Art Biennale!\",\"datePublished\":\"2024-06-20T10:45:53+00:00\",\"mainEntityOfPage\":{\"@id\":\"https:\/\/biennaledladziecka.pl\/en\/competition-for-an-artistic-event-for-children\/\"},\"wordCount\":16,\"publisher\":{\"@id\":\"https:\/\/biennaledladziecka.pl\/#organization\"},\"image\":{\"@id\":\"https:\/\/biennaledladziecka.pl\/en\/competition-for-an-artistic-event-for-children\/#primaryimage\"},\"thumbnailUrl\":\"https:\/\/biennaledladziecka.pl\/wp-content\/uploads\/2023\/06\/1.06.23-Drzwi-do-lasu-fot.-Malwina-Lubienska-male-8-scaled.jpg\",\"inLanguage\":\"en-US\"},{\"@type\":\"WebPage\",\"@id\":\"https:\/\/biennaledladziecka.pl\/en\/competition-for-an-artistic-event-for-children\/\",\"url\":\"https:\/\/biennaledladziecka.pl\/en\/competition-for-an-artistic-event-for-children\/\",\"name\":\"Competition for an Artistic Event for Children as part of the 25th Children\u2019s Art Biennale! - Children\u2019s Art Biennale\",\"isPartOf\":{\"@id\":\"https:\/\/biennaledladziecka.pl\/#website\"},\"primaryImageOfPage\":{\"@id\":\"https:\/\/biennaledladziecka.pl\/en\/competition-for-an-artistic-event-for-children\/#primaryimage\"},\"image\":{\"@id\":\"https:\/\/biennaledladziecka.pl\/en\/competition-for-an-artistic-event-for-children\/#primaryimage\"},\"thumbnailUrl\":\"https:\/\/biennaledladziecka.pl\/wp-content\/uploads\/2023\/06\/1.06.23-Drzwi-do-lasu-fot.-Malwina-Lubienska-male-8-scaled.jpg\",\"datePublished\":\"2024-06-20T10:45:53+00:00\",\"breadcrumb\":{\"@id\":\"https:\/\/biennaledladziecka.pl\/en\/competition-for-an-artistic-event-for-children\/#breadcrumb\"},\"inLanguage\":\"en-US\",\"potentialAction\":[{\"@type\":\"ReadAction\",\"target\":[\"https:\/\/biennaledladziecka.pl\/en\/competition-for-an-artistic-event-for-children\/\"]}]},{\"@type\":\"ImageObject\",\"inLanguage\":\"en-US\",\"@id\":\"https:\/\/biennaledladziecka.pl\/en\/competition-for-an-artistic-event-for-children\/#primaryimage\",\"url\":\"https:\/\/biennaledladziecka.pl\/wp-content\/uploads\/2023\/06\/1.06.23-Drzwi-do-lasu-fot.-Malwina-Lubienska-male-8-scaled.jpg\",\"contentUrl\":\"https:\/\/biennaledladziecka.pl\/wp-content\/uploads\/2023\/06\/1.06.23-Drzwi-do-lasu-fot.-Malwina-Lubienska-male-8-scaled.jpg\",\"width\":2560,\"height\":1707,\"caption\":\"P\u0142ot, do kt\u00f3rego przyczepione s\u0105 wiatraczki. W tle budynek z napisem: Scena Wsp\u00f3lna. \/ A fence with small windmills attached to it. In the background a building with a sign: Scena Wsp\u00f3lna.\"},{\"@type\":\"BreadcrumbList\",\"@id\":\"https:\/\/biennaledladziecka.pl\/en\/competition-for-an-artistic-event-for-children\/#breadcrumb\",\"itemListElement\":[{\"@type\":\"ListItem\",\"position\":1,\"name\":\"Strona g\u0142\u00f3wna\",\"item\":\"https:\/\/biennaledladziecka.pl\/en\/\"},{\"@type\":\"ListItem\",\"position\":2,\"name\":\"Competition for an Artistic Event for Children as&nbsp;part of the 25th Children\u2019s Art Biennale!\"}]},{\"@type\":\"WebSite\",\"@id\":\"https:\/\/biennaledladziecka.pl\/#website\",\"url\":\"https:\/\/biennaledladziecka.pl\/\",\"name\":\"Biennale Sztuki dla Dziecka\",\"description\":\"\",\"publisher\":{\"@id\":\"https:\/\/biennaledladziecka.pl\/#organization\"},\"potentialAction\":[{\"@type\":\"SearchAction\",\"target\":{\"@type\":\"EntryPoint\",\"urlTemplate\":\"https:\/\/biennaledladziecka.pl\/?s={search_term_string}\"},\"query-input\":{\"@type\":\"PropertyValueSpecification\",\"valueRequired\":true,\"valueName\":\"search_term_string\"}}],\"inLanguage\":\"en-US\"},{\"@type\":\"Organization\",\"@id\":\"https:\/\/biennaledladziecka.pl\/#organization\",\"name\":\"Biennale Sztuki dla Dziecka\",\"url\":\"https:\/\/biennaledladziecka.pl\/\",\"logo\":{\"@type\":\"ImageObject\",\"inLanguage\":\"en-US\",\"@id\":\"https:\/\/biennaledladziecka.pl\/#\/schema\/logo\/image\/\",\"url\":\"https:\/\/biennaledladziecka.pl\/wp-content\/uploads\/2025\/01\/461333142_528284736576056_5597211277759003793_n.jpg\",\"contentUrl\":\"https:\/\/biennaledladziecka.pl\/wp-content\/uploads\/2025\/01\/461333142_528284736576056_5597211277759003793_n.jpg\",\"width\":801,\"height\":800,\"caption\":\"Biennale Sztuki dla Dziecka\"},\"image\":{\"@id\":\"https:\/\/biennaledladziecka.pl\/#\/schema\/logo\/image\/\"},\"sameAs\":[\"https:\/\/www.facebook.com\/BiennaleSztukiDziecka\"]},{\"@type\":\"Person\",\"@id\":\"https:\/\/biennaledladziecka.pl\/#\/schema\/person\/c12e94068841aec45a8185149a320af1\",\"name\":\"Agata Chwirot\",\"image\":{\"@type\":\"ImageObject\",\"inLanguage\":\"en-US\",\"@id\":\"https:\/\/biennaledladziecka.pl\/#\/schema\/person\/image\/\",\"url\":\"https:\/\/secure.gravatar.com\/avatar\/e1b20827a209ec42d0e97d7abc0ba8c5161a009a8f62753773dde85201fd8b93?s=96&d=mm&r=g\",\"contentUrl\":\"https:\/\/secure.gravatar.com\/avatar\/e1b20827a209ec42d0e97d7abc0ba8c5161a009a8f62753773dde85201fd8b93?s=96&d=mm&r=g\",\"caption\":\"Agata Chwirot\"},\"url\":\"https:\/\/biennaledladziecka.pl\/en\/author\/agata-chwirot\/\"}]}<\/script>\n<!-- \/ Yoast SEO plugin. -->","yoast_head_json":{"title":"Competition for an Artistic Event for Children as part of the 25th Children\u2019s Art Biennale! - Children\u2019s Art Biennale","robots":{"index":"index","follow":"follow","max-snippet":"max-snippet:-1","max-image-preview":"max-image-preview:large","max-video-preview":"max-video-preview:-1"},"canonical":"https:\/\/biennaledladziecka.pl\/en\/competition-for-an-artistic-event-for-children\/","og_locale":"en_US","og_type":"article","og_title":"Competition for an Artistic Event for Children as part of the 25th Children\u2019s Art Biennale! - Children\u2019s Art Biennale","og_url":"https:\/\/biennaledladziecka.pl\/en\/competition-for-an-artistic-event-for-children\/","og_site_name":"Children\u2019s Art Biennale","article_publisher":"https:\/\/www.facebook.com\/BiennaleSztukiDziecka","article_published_time":"2024-06-20T10:45:53+00:00","og_image":[{"width":2560,"height":1707,"url":"https:\/\/biennaledladziecka.pl\/wp-content\/uploads\/2023\/06\/1.06.23-Drzwi-do-lasu-fot.-Malwina-Lubienska-male-8-scaled.jpg","type":"image\/jpeg"}],"author":"Agata Chwirot","twitter_card":"summary_large_image","twitter_misc":{"Written by":"Agata Chwirot"},"schema":{"@context":"https:\/\/schema.org","@graph":[{"@type":"Article","@id":"https:\/\/biennaledladziecka.pl\/en\/competition-for-an-artistic-event-for-children\/#article","isPartOf":{"@id":"https:\/\/biennaledladziecka.pl\/en\/competition-for-an-artistic-event-for-children\/"},"author":{"name":"Agata Chwirot","@id":"https:\/\/biennaledladziecka.pl\/#\/schema\/person\/c12e94068841aec45a8185149a320af1"},"headline":"Competition for an Artistic Event for Children as part of the 25th Children\u2019s Art Biennale!","datePublished":"2024-06-20T10:45:53+00:00","mainEntityOfPage":{"@id":"https:\/\/biennaledladziecka.pl\/en\/competition-for-an-artistic-event-for-children\/"},"wordCount":16,"publisher":{"@id":"https:\/\/biennaledladziecka.pl\/#organization"},"image":{"@id":"https:\/\/biennaledladziecka.pl\/en\/competition-for-an-artistic-event-for-children\/#primaryimage"},"thumbnailUrl":"https:\/\/biennaledladziecka.pl\/wp-content\/uploads\/2023\/06\/1.06.23-Drzwi-do-lasu-fot.-Malwina-Lubienska-male-8-scaled.jpg","inLanguage":"en-US"},{"@type":"WebPage","@id":"https:\/\/biennaledladziecka.pl\/en\/competition-for-an-artistic-event-for-children\/","url":"https:\/\/biennaledladziecka.pl\/en\/competition-for-an-artistic-event-for-children\/","name":"Competition for an Artistic Event for Children as part of the 25th Children\u2019s Art Biennale! - Children\u2019s Art Biennale","isPartOf":{"@id":"https:\/\/biennaledladziecka.pl\/#website"},"primaryImageOfPage":{"@id":"https:\/\/biennaledladziecka.pl\/en\/competition-for-an-artistic-event-for-children\/#primaryimage"},"image":{"@id":"https:\/\/biennaledladziecka.pl\/en\/competition-for-an-artistic-event-for-children\/#primaryimage"},"thumbnailUrl":"https:\/\/biennaledladziecka.pl\/wp-content\/uploads\/2023\/06\/1.06.23-Drzwi-do-lasu-fot.-Malwina-Lubienska-male-8-scaled.jpg","datePublished":"2024-06-20T10:45:53+00:00","breadcrumb":{"@id":"https:\/\/biennaledladziecka.pl\/en\/competition-for-an-artistic-event-for-children\/#breadcrumb"},"inLanguage":"en-US","potentialAction":[{"@type":"ReadAction","target":["https:\/\/biennaledladziecka.pl\/en\/competition-for-an-artistic-event-for-children\/"]}]},{"@type":"ImageObject","inLanguage":"en-US","@id":"https:\/\/biennaledladziecka.pl\/en\/competition-for-an-artistic-event-for-children\/#primaryimage","url":"https:\/\/biennaledladziecka.pl\/wp-content\/uploads\/2023\/06\/1.06.23-Drzwi-do-lasu-fot.-Malwina-Lubienska-male-8-scaled.jpg","contentUrl":"https:\/\/biennaledladziecka.pl\/wp-content\/uploads\/2023\/06\/1.06.23-Drzwi-do-lasu-fot.-Malwina-Lubienska-male-8-scaled.jpg","width":2560,"height":1707,"caption":"P\u0142ot, do kt\u00f3rego przyczepione s\u0105 wiatraczki. W tle budynek z napisem: Scena Wsp\u00f3lna. \/ A fence with small windmills attached to it. In the background a building with a sign: Scena Wsp\u00f3lna."},{"@type":"BreadcrumbList","@id":"https:\/\/biennaledladziecka.pl\/en\/competition-for-an-artistic-event-for-children\/#breadcrumb","itemListElement":[{"@type":"ListItem","position":1,"name":"Strona g\u0142\u00f3wna","item":"https:\/\/biennaledladziecka.pl\/en\/"},{"@type":"ListItem","position":2,"name":"Competition for an Artistic Event for Children as&nbsp;part of the 25th Children\u2019s Art Biennale!"}]},{"@type":"WebSite","@id":"https:\/\/biennaledladziecka.pl\/#website","url":"https:\/\/biennaledladziecka.pl\/","name":"Biennale Sztuki dla Dziecka","description":"","publisher":{"@id":"https:\/\/biennaledladziecka.pl\/#organization"},"potentialAction":[{"@type":"SearchAction","target":{"@type":"EntryPoint","urlTemplate":"https:\/\/biennaledladziecka.pl\/?s={search_term_string}"},"query-input":{"@type":"PropertyValueSpecification","valueRequired":true,"valueName":"search_term_string"}}],"inLanguage":"en-US"},{"@type":"Organization","@id":"https:\/\/biennaledladziecka.pl\/#organization","name":"Biennale Sztuki dla Dziecka","url":"https:\/\/biennaledladziecka.pl\/","logo":{"@type":"ImageObject","inLanguage":"en-US","@id":"https:\/\/biennaledladziecka.pl\/#\/schema\/logo\/image\/","url":"https:\/\/biennaledladziecka.pl\/wp-content\/uploads\/2025\/01\/461333142_528284736576056_5597211277759003793_n.jpg","contentUrl":"https:\/\/biennaledladziecka.pl\/wp-content\/uploads\/2025\/01\/461333142_528284736576056_5597211277759003793_n.jpg","width":801,"height":800,"caption":"Biennale Sztuki dla Dziecka"},"image":{"@id":"https:\/\/biennaledladziecka.pl\/#\/schema\/logo\/image\/"},"sameAs":["https:\/\/www.facebook.com\/BiennaleSztukiDziecka"]},{"@type":"Person","@id":"https:\/\/biennaledladziecka.pl\/#\/schema\/person\/c12e94068841aec45a8185149a320af1","name":"Agata Chwirot","image":{"@type":"ImageObject","inLanguage":"en-US","@id":"https:\/\/biennaledladziecka.pl\/#\/schema\/person\/image\/","url":"https:\/\/secure.gravatar.com\/avatar\/e1b20827a209ec42d0e97d7abc0ba8c5161a009a8f62753773dde85201fd8b93?s=96&d=mm&r=g","contentUrl":"https:\/\/secure.gravatar.com\/avatar\/e1b20827a209ec42d0e97d7abc0ba8c5161a009a8f62753773dde85201fd8b93?s=96&d=mm&r=g","caption":"Agata Chwirot"},"url":"https:\/\/biennaledladziecka.pl\/en\/author\/agata-chwirot\/"}]}},"_links":{"self":[{"href":"https:\/\/biennaledladziecka.pl\/en\/wp-json\/wp\/v2\/posts\/3915","targetHints":{"allow":["GET"]}}],"collection":[{"href":"https:\/\/biennaledladziecka.pl\/en\/wp-json\/wp\/v2\/posts"}],"about":[{"href":"https:\/\/biennaledladziecka.pl\/en\/wp-json\/wp\/v2\/types\/post"}],"author":[{"embeddable":true,"href":"https:\/\/biennaledladziecka.pl\/en\/wp-json\/wp\/v2\/users\/12"}],"replies":[{"embeddable":true,"href":"https:\/\/biennaledladziecka.pl\/en\/wp-json\/wp\/v2\/comments?post=3915"}],"version-history":[{"count":1,"href":"https:\/\/biennaledladziecka.pl\/en\/wp-json\/wp\/v2\/posts\/3915\/revisions"}],"predecessor-version":[{"id":3916,"href":"https:\/\/biennaledladziecka.pl\/en\/wp-json\/wp\/v2\/posts\/3915\/revisions\/3916"}],"wp:featuredmedia":[{"embeddable":true,"href":"https:\/\/biennaledladziecka.pl\/en\/wp-json\/wp\/v2\/media\/3703"}],"wp:attachment":[{"href":"https:\/\/biennaledladziecka.pl\/en\/wp-json\/wp\/v2\/media?parent=3915"}],"wp:term":[{"taxonomy":"post_tag","embeddable":true,"href":"https:\/\/biennaledladziecka.pl\/en\/wp-json\/wp\/v2\/tags?post=3915"}],"curies":[{"name":"wp","href":"https:\/\/api.w.org\/{rel}","templated":true}]}}