{"id":4046,"date":"2024-07-18T13:12:00","date_gmt":"2024-07-18T11:12:00","guid":{"rendered":"https:\/\/biennaledladziecka.pl\/?p=4046"},"modified":"2024-07-18T13:15:21","modified_gmt":"2024-07-18T11:15:21","slug":"the-next-edition-of-the-childrens-art-observatory","status":"publish","type":"post","link":"https:\/\/biennaledladziecka.pl\/en\/the-next-edition-of-the-childrens-art-observatory\/","title":{"rendered":"The next edition of the Children\u2019s Art Observatory!"},"content":{"rendered":"","protected":false},"excerpt":{"rendered":"","protected":false},"author":12,"featured_media":4036,"comment_status":"closed","ping_status":"open","sticky":false,"template":"","format":"standard","meta":{"_acf_changed":false,"footnotes":""},"tags":[],"class_list":["post-4046","post","type-post","status-publish","format-standard","has-post-thumbnail","hentry"],"acf":[],"yoast_head":"<!-- This site is optimized with the Yoast SEO plugin v24.5 - https:\/\/yoast.com\/wordpress\/plugins\/seo\/ -->\n<title>The next edition of the Children\u2019s Art Observatory! - Children\u2019s Art Biennale<\/title>\n<meta name=\"robots\" content=\"index, follow, max-snippet:-1, max-image-preview:large, max-video-preview:-1\" \/>\n<link rel=\"canonical\" href=\"https:\/\/biennaledladziecka.pl\/en\/the-next-edition-of-the-childrens-art-observatory\/\" \/>\n<meta property=\"og:locale\" content=\"en_US\" \/>\n<meta property=\"og:type\" content=\"article\" \/>\n<meta property=\"og:title\" content=\"The next edition of the Children\u2019s Art Observatory! - Children\u2019s Art Biennale\" \/>\n<meta property=\"og:url\" content=\"https:\/\/biennaledladziecka.pl\/en\/the-next-edition-of-the-childrens-art-observatory\/\" \/>\n<meta property=\"og:site_name\" content=\"Children\u2019s Art Biennale\" \/>\n<meta property=\"article:publisher\" content=\"https:\/\/www.facebook.com\/BiennaleSztukiDziecka\" \/>\n<meta property=\"article:published_time\" content=\"2024-07-18T11:12:00+00:00\" \/>\n<meta property=\"article:modified_time\" content=\"2024-07-18T11:15:21+00:00\" \/>\n<meta property=\"og:image\" content=\"https:\/\/biennaledladziecka.pl\/wp-content\/uploads\/2024\/07\/2-3.10.2023-Forum-o-tancu-fot.-Ula-Jocz-41-scaled.jpg\" \/>\n\t<meta property=\"og:image:width\" content=\"2560\" \/>\n\t<meta property=\"og:image:height\" content=\"1707\" \/>\n\t<meta property=\"og:image:type\" content=\"image\/jpeg\" \/>\n<meta name=\"author\" content=\"Agata Chwirot\" \/>\n<meta name=\"twitter:card\" content=\"summary_large_image\" \/>\n<meta name=\"twitter:label1\" content=\"Written by\" \/>\n\t<meta name=\"twitter:data1\" content=\"Agata Chwirot\" \/>\n<script type=\"application\/ld+json\" class=\"yoast-schema-graph\">{\"@context\":\"https:\/\/schema.org\",\"@graph\":[{\"@type\":\"Article\",\"@id\":\"https:\/\/biennaledladziecka.pl\/en\/the-next-edition-of-the-childrens-art-observatory\/#article\",\"isPartOf\":{\"@id\":\"https:\/\/biennaledladziecka.pl\/en\/the-next-edition-of-the-childrens-art-observatory\/\"},\"author\":{\"name\":\"Agata Chwirot\",\"@id\":\"https:\/\/biennaledladziecka.pl\/#\/schema\/person\/c12e94068841aec45a8185149a320af1\"},\"headline\":\"The next edition of the Children\u2019s Art Observatory!\",\"datePublished\":\"2024-07-18T11:12:00+00:00\",\"dateModified\":\"2024-07-18T11:15:21+00:00\",\"mainEntityOfPage\":{\"@id\":\"https:\/\/biennaledladziecka.pl\/en\/the-next-edition-of-the-childrens-art-observatory\/\"},\"wordCount\":9,\"publisher\":{\"@id\":\"https:\/\/biennaledladziecka.pl\/#organization\"},\"image\":{\"@id\":\"https:\/\/biennaledladziecka.pl\/en\/the-next-edition-of-the-childrens-art-observatory\/#primaryimage\"},\"thumbnailUrl\":\"https:\/\/biennaledladziecka.pl\/wp-content\/uploads\/2024\/07\/2-3.10.2023-Forum-o-tancu-fot.-Ula-Jocz-41-scaled.jpg\",\"inLanguage\":\"en-US\"},{\"@type\":\"WebPage\",\"@id\":\"https:\/\/biennaledladziecka.pl\/en\/the-next-edition-of-the-childrens-art-observatory\/\",\"url\":\"https:\/\/biennaledladziecka.pl\/en\/the-next-edition-of-the-childrens-art-observatory\/\",\"name\":\"The next edition of the Children\u2019s Art Observatory! - Children\u2019s Art Biennale\",\"isPartOf\":{\"@id\":\"https:\/\/biennaledladziecka.pl\/#website\"},\"primaryImageOfPage\":{\"@id\":\"https:\/\/biennaledladziecka.pl\/en\/the-next-edition-of-the-childrens-art-observatory\/#primaryimage\"},\"image\":{\"@id\":\"https:\/\/biennaledladziecka.pl\/en\/the-next-edition-of-the-childrens-art-observatory\/#primaryimage\"},\"thumbnailUrl\":\"https:\/\/biennaledladziecka.pl\/wp-content\/uploads\/2024\/07\/2-3.10.2023-Forum-o-tancu-fot.-Ula-Jocz-41-scaled.jpg\",\"datePublished\":\"2024-07-18T11:12:00+00:00\",\"dateModified\":\"2024-07-18T11:15:21+00:00\",\"breadcrumb\":{\"@id\":\"https:\/\/biennaledladziecka.pl\/en\/the-next-edition-of-the-childrens-art-observatory\/#breadcrumb\"},\"inLanguage\":\"en-US\",\"potentialAction\":[{\"@type\":\"ReadAction\",\"target\":[\"https:\/\/biennaledladziecka.pl\/en\/the-next-edition-of-the-childrens-art-observatory\/\"]}]},{\"@type\":\"ImageObject\",\"inLanguage\":\"en-US\",\"@id\":\"https:\/\/biennaledladziecka.pl\/en\/the-next-edition-of-the-childrens-art-observatory\/#primaryimage\",\"url\":\"https:\/\/biennaledladziecka.pl\/wp-content\/uploads\/2024\/07\/2-3.10.2023-Forum-o-tancu-fot.-Ula-Jocz-41-scaled.jpg\",\"contentUrl\":\"https:\/\/biennaledladziecka.pl\/wp-content\/uploads\/2024\/07\/2-3.10.2023-Forum-o-tancu-fot.-Ula-Jocz-41-scaled.jpg\",\"width\":2560,\"height\":1707,\"caption\":\"Zdj\u0119cie przedstawia cztery osoby siedz\u0105ce ty\u0142em na krzes\u0142ach na scenie. S\u0105 zwr\u00f3cone przodem do publiczno\u015bci. Publiczno\u015b\u0107 jest w tle zdj\u0119cia. \/ The photo shows four people sitting backwards on chairs on a stage. They are facing the audience. The audience is in the background of the photo.\"},{\"@type\":\"BreadcrumbList\",\"@id\":\"https:\/\/biennaledladziecka.pl\/en\/the-next-edition-of-the-childrens-art-observatory\/#breadcrumb\",\"itemListElement\":[{\"@type\":\"ListItem\",\"position\":1,\"name\":\"Strona g\u0142\u00f3wna\",\"item\":\"https:\/\/biennaledladziecka.pl\/en\/\"},{\"@type\":\"ListItem\",\"position\":2,\"name\":\"The next edition of the Children\u2019s Art Observatory!\"}]},{\"@type\":\"WebSite\",\"@id\":\"https:\/\/biennaledladziecka.pl\/#website\",\"url\":\"https:\/\/biennaledladziecka.pl\/\",\"name\":\"Biennale Sztuki dla Dziecka\",\"description\":\"\",\"publisher\":{\"@id\":\"https:\/\/biennaledladziecka.pl\/#organization\"},\"potentialAction\":[{\"@type\":\"SearchAction\",\"target\":{\"@type\":\"EntryPoint\",\"urlTemplate\":\"https:\/\/biennaledladziecka.pl\/?s={search_term_string}\"},\"query-input\":{\"@type\":\"PropertyValueSpecification\",\"valueRequired\":true,\"valueName\":\"search_term_string\"}}],\"inLanguage\":\"en-US\"},{\"@type\":\"Organization\",\"@id\":\"https:\/\/biennaledladziecka.pl\/#organization\",\"name\":\"Biennale Sztuki dla Dziecka\",\"url\":\"https:\/\/biennaledladziecka.pl\/\",\"logo\":{\"@type\":\"ImageObject\",\"inLanguage\":\"en-US\",\"@id\":\"https:\/\/biennaledladziecka.pl\/#\/schema\/logo\/image\/\",\"url\":\"https:\/\/biennaledladziecka.pl\/wp-content\/uploads\/2025\/01\/461333142_528284736576056_5597211277759003793_n.jpg\",\"contentUrl\":\"https:\/\/biennaledladziecka.pl\/wp-content\/uploads\/2025\/01\/461333142_528284736576056_5597211277759003793_n.jpg\",\"width\":801,\"height\":800,\"caption\":\"Biennale Sztuki dla Dziecka\"},\"image\":{\"@id\":\"https:\/\/biennaledladziecka.pl\/#\/schema\/logo\/image\/\"},\"sameAs\":[\"https:\/\/www.facebook.com\/BiennaleSztukiDziecka\"]},{\"@type\":\"Person\",\"@id\":\"https:\/\/biennaledladziecka.pl\/#\/schema\/person\/c12e94068841aec45a8185149a320af1\",\"name\":\"Agata Chwirot\",\"image\":{\"@type\":\"ImageObject\",\"inLanguage\":\"en-US\",\"@id\":\"https:\/\/biennaledladziecka.pl\/#\/schema\/person\/image\/\",\"url\":\"https:\/\/secure.gravatar.com\/avatar\/e1b20827a209ec42d0e97d7abc0ba8c5161a009a8f62753773dde85201fd8b93?s=96&d=mm&r=g\",\"contentUrl\":\"https:\/\/secure.gravatar.com\/avatar\/e1b20827a209ec42d0e97d7abc0ba8c5161a009a8f62753773dde85201fd8b93?s=96&d=mm&r=g\",\"caption\":\"Agata Chwirot\"},\"url\":\"https:\/\/biennaledladziecka.pl\/en\/author\/agata-chwirot\/\"}]}<\/script>\n<!-- \/ Yoast SEO plugin. -->","yoast_head_json":{"title":"The next edition of the Children\u2019s Art Observatory! - Children\u2019s Art Biennale","robots":{"index":"index","follow":"follow","max-snippet":"max-snippet:-1","max-image-preview":"max-image-preview:large","max-video-preview":"max-video-preview:-1"},"canonical":"https:\/\/biennaledladziecka.pl\/en\/the-next-edition-of-the-childrens-art-observatory\/","og_locale":"en_US","og_type":"article","og_title":"The next edition of the Children\u2019s Art Observatory! - Children\u2019s Art Biennale","og_url":"https:\/\/biennaledladziecka.pl\/en\/the-next-edition-of-the-childrens-art-observatory\/","og_site_name":"Children\u2019s Art Biennale","article_publisher":"https:\/\/www.facebook.com\/BiennaleSztukiDziecka","article_published_time":"2024-07-18T11:12:00+00:00","article_modified_time":"2024-07-18T11:15:21+00:00","og_image":[{"width":2560,"height":1707,"url":"https:\/\/biennaledladziecka.pl\/wp-content\/uploads\/2024\/07\/2-3.10.2023-Forum-o-tancu-fot.-Ula-Jocz-41-scaled.jpg","type":"image\/jpeg"}],"author":"Agata Chwirot","twitter_card":"summary_large_image","twitter_misc":{"Written by":"Agata Chwirot"},"schema":{"@context":"https:\/\/schema.org","@graph":[{"@type":"Article","@id":"https:\/\/biennaledladziecka.pl\/en\/the-next-edition-of-the-childrens-art-observatory\/#article","isPartOf":{"@id":"https:\/\/biennaledladziecka.pl\/en\/the-next-edition-of-the-childrens-art-observatory\/"},"author":{"name":"Agata Chwirot","@id":"https:\/\/biennaledladziecka.pl\/#\/schema\/person\/c12e94068841aec45a8185149a320af1"},"headline":"The next edition of the Children\u2019s Art Observatory!","datePublished":"2024-07-18T11:12:00+00:00","dateModified":"2024-07-18T11:15:21+00:00","mainEntityOfPage":{"@id":"https:\/\/biennaledladziecka.pl\/en\/the-next-edition-of-the-childrens-art-observatory\/"},"wordCount":9,"publisher":{"@id":"https:\/\/biennaledladziecka.pl\/#organization"},"image":{"@id":"https:\/\/biennaledladziecka.pl\/en\/the-next-edition-of-the-childrens-art-observatory\/#primaryimage"},"thumbnailUrl":"https:\/\/biennaledladziecka.pl\/wp-content\/uploads\/2024\/07\/2-3.10.2023-Forum-o-tancu-fot.-Ula-Jocz-41-scaled.jpg","inLanguage":"en-US"},{"@type":"WebPage","@id":"https:\/\/biennaledladziecka.pl\/en\/the-next-edition-of-the-childrens-art-observatory\/","url":"https:\/\/biennaledladziecka.pl\/en\/the-next-edition-of-the-childrens-art-observatory\/","name":"The next edition of the Children\u2019s Art Observatory! - Children\u2019s Art Biennale","isPartOf":{"@id":"https:\/\/biennaledladziecka.pl\/#website"},"primaryImageOfPage":{"@id":"https:\/\/biennaledladziecka.pl\/en\/the-next-edition-of-the-childrens-art-observatory\/#primaryimage"},"image":{"@id":"https:\/\/biennaledladziecka.pl\/en\/the-next-edition-of-the-childrens-art-observatory\/#primaryimage"},"thumbnailUrl":"https:\/\/biennaledladziecka.pl\/wp-content\/uploads\/2024\/07\/2-3.10.2023-Forum-o-tancu-fot.-Ula-Jocz-41-scaled.jpg","datePublished":"2024-07-18T11:12:00+00:00","dateModified":"2024-07-18T11:15:21+00:00","breadcrumb":{"@id":"https:\/\/biennaledladziecka.pl\/en\/the-next-edition-of-the-childrens-art-observatory\/#breadcrumb"},"inLanguage":"en-US","potentialAction":[{"@type":"ReadAction","target":["https:\/\/biennaledladziecka.pl\/en\/the-next-edition-of-the-childrens-art-observatory\/"]}]},{"@type":"ImageObject","inLanguage":"en-US","@id":"https:\/\/biennaledladziecka.pl\/en\/the-next-edition-of-the-childrens-art-observatory\/#primaryimage","url":"https:\/\/biennaledladziecka.pl\/wp-content\/uploads\/2024\/07\/2-3.10.2023-Forum-o-tancu-fot.-Ula-Jocz-41-scaled.jpg","contentUrl":"https:\/\/biennaledladziecka.pl\/wp-content\/uploads\/2024\/07\/2-3.10.2023-Forum-o-tancu-fot.-Ula-Jocz-41-scaled.jpg","width":2560,"height":1707,"caption":"Zdj\u0119cie przedstawia cztery osoby siedz\u0105ce ty\u0142em na krzes\u0142ach na scenie. S\u0105 zwr\u00f3cone przodem do publiczno\u015bci. Publiczno\u015b\u0107 jest w tle zdj\u0119cia. \/ The photo shows four people sitting backwards on chairs on a stage. They are facing the audience. The audience is in the background of the photo."},{"@type":"BreadcrumbList","@id":"https:\/\/biennaledladziecka.pl\/en\/the-next-edition-of-the-childrens-art-observatory\/#breadcrumb","itemListElement":[{"@type":"ListItem","position":1,"name":"Strona g\u0142\u00f3wna","item":"https:\/\/biennaledladziecka.pl\/en\/"},{"@type":"ListItem","position":2,"name":"The next edition of the Children\u2019s Art Observatory!"}]},{"@type":"WebSite","@id":"https:\/\/biennaledladziecka.pl\/#website","url":"https:\/\/biennaledladziecka.pl\/","name":"Biennale Sztuki dla Dziecka","description":"","publisher":{"@id":"https:\/\/biennaledladziecka.pl\/#organization"},"potentialAction":[{"@type":"SearchAction","target":{"@type":"EntryPoint","urlTemplate":"https:\/\/biennaledladziecka.pl\/?s={search_term_string}"},"query-input":{"@type":"PropertyValueSpecification","valueRequired":true,"valueName":"search_term_string"}}],"inLanguage":"en-US"},{"@type":"Organization","@id":"https:\/\/biennaledladziecka.pl\/#organization","name":"Biennale Sztuki dla Dziecka","url":"https:\/\/biennaledladziecka.pl\/","logo":{"@type":"ImageObject","inLanguage":"en-US","@id":"https:\/\/biennaledladziecka.pl\/#\/schema\/logo\/image\/","url":"https:\/\/biennaledladziecka.pl\/wp-content\/uploads\/2025\/01\/461333142_528284736576056_5597211277759003793_n.jpg","contentUrl":"https:\/\/biennaledladziecka.pl\/wp-content\/uploads\/2025\/01\/461333142_528284736576056_5597211277759003793_n.jpg","width":801,"height":800,"caption":"Biennale Sztuki dla Dziecka"},"image":{"@id":"https:\/\/biennaledladziecka.pl\/#\/schema\/logo\/image\/"},"sameAs":["https:\/\/www.facebook.com\/BiennaleSztukiDziecka"]},{"@type":"Person","@id":"https:\/\/biennaledladziecka.pl\/#\/schema\/person\/c12e94068841aec45a8185149a320af1","name":"Agata Chwirot","image":{"@type":"ImageObject","inLanguage":"en-US","@id":"https:\/\/biennaledladziecka.pl\/#\/schema\/person\/image\/","url":"https:\/\/secure.gravatar.com\/avatar\/e1b20827a209ec42d0e97d7abc0ba8c5161a009a8f62753773dde85201fd8b93?s=96&d=mm&r=g","contentUrl":"https:\/\/secure.gravatar.com\/avatar\/e1b20827a209ec42d0e97d7abc0ba8c5161a009a8f62753773dde85201fd8b93?s=96&d=mm&r=g","caption":"Agata Chwirot"},"url":"https:\/\/biennaledladziecka.pl\/en\/author\/agata-chwirot\/"}]}},"_links":{"self":[{"href":"https:\/\/biennaledladziecka.pl\/en\/wp-json\/wp\/v2\/posts\/4046","targetHints":{"allow":["GET"]}}],"collection":[{"href":"https:\/\/biennaledladziecka.pl\/en\/wp-json\/wp\/v2\/posts"}],"about":[{"href":"https:\/\/biennaledladziecka.pl\/en\/wp-json\/wp\/v2\/types\/post"}],"author":[{"embeddable":true,"href":"https:\/\/biennaledladziecka.pl\/en\/wp-json\/wp\/v2\/users\/12"}],"replies":[{"embeddable":true,"href":"https:\/\/biennaledladziecka.pl\/en\/wp-json\/wp\/v2\/comments?post=4046"}],"version-history":[{"count":1,"href":"https:\/\/biennaledladziecka.pl\/en\/wp-json\/wp\/v2\/posts\/4046\/revisions"}],"predecessor-version":[{"id":4049,"href":"https:\/\/biennaledladziecka.pl\/en\/wp-json\/wp\/v2\/posts\/4046\/revisions\/4049"}],"wp:featuredmedia":[{"embeddable":true,"href":"https:\/\/biennaledladziecka.pl\/en\/wp-json\/wp\/v2\/media\/4036"}],"wp:attachment":[{"href":"https:\/\/biennaledladziecka.pl\/en\/wp-json\/wp\/v2\/media?parent=4046"}],"wp:term":[{"taxonomy":"post_tag","embeddable":true,"href":"https:\/\/biennaledladziecka.pl\/en\/wp-json\/wp\/v2\/tags?post=4046"}],"curies":[{"name":"wp","href":"https:\/\/api.w.org\/{rel}","templated":true}]}}