{"id":6134,"date":"2026-04-17T13:02:47","date_gmt":"2026-04-17T11:02:47","guid":{"rendered":"https:\/\/biennaledladziecka.pl\/?p=6134"},"modified":"2026-04-17T13:02:47","modified_gmt":"2026-04-17T11:02:47","slug":"we-are-announcing-an-open-call-for-a-musical-event-for-children","status":"publish","type":"post","link":"https:\/\/biennaledladziecka.pl\/en\/we-are-announcing-an-open-call-for-a-musical-event-for-children\/","title":{"rendered":"We are announcing an Open call for a Musical Event for Children"},"content":{"rendered":"","protected":false},"excerpt":{"rendered":"","protected":false},"author":13,"featured_media":6112,"comment_status":"closed","ping_status":"open","sticky":false,"template":"","format":"standard","meta":{"_acf_changed":false,"footnotes":""},"tags":[],"class_list":["post-6134","post","type-post","status-publish","format-standard","has-post-thumbnail","hentry"],"acf":[],"yoast_head":"<!-- This site is optimized with the Yoast SEO plugin v24.5 - https:\/\/yoast.com\/wordpress\/plugins\/seo\/ -->\n<title>We are announcing an Open call for a Musical Event for Children - Children\u2019s Art Biennale<\/title>\n<meta name=\"robots\" content=\"index, follow, max-snippet:-1, max-image-preview:large, max-video-preview:-1\" \/>\n<link rel=\"canonical\" href=\"https:\/\/biennaledladziecka.pl\/en\/we-are-announcing-an-open-call-for-a-musical-event-for-children\/\" \/>\n<meta property=\"og:locale\" content=\"en_US\" \/>\n<meta property=\"og:type\" content=\"article\" \/>\n<meta property=\"og:title\" content=\"We are announcing an Open call for a Musical Event for Children - Children\u2019s Art Biennale\" \/>\n<meta property=\"og:url\" content=\"https:\/\/biennaledladziecka.pl\/en\/we-are-announcing-an-open-call-for-a-musical-event-for-children\/\" \/>\n<meta property=\"og:site_name\" content=\"Children\u2019s Art Biennale\" \/>\n<meta property=\"article:publisher\" content=\"https:\/\/www.facebook.com\/BiennaleSztukiDziecka\" \/>\n<meta property=\"article:published_time\" content=\"2026-04-17T11:02:47+00:00\" \/>\n<meta property=\"og:image\" content=\"https:\/\/biennaledladziecka.pl\/wp-content\/uploads\/2026\/04\/24.05.2021-koncert-Kukulska-M.Zakrzewski-scaled.jpg\" \/>\n\t<meta property=\"og:image:width\" content=\"2560\" \/>\n\t<meta property=\"og:image:height\" content=\"1706\" \/>\n\t<meta property=\"og:image:type\" content=\"image\/jpeg\" \/>\n<meta name=\"author\" content=\"Klaudia Malesi\u0144ska\" \/>\n<meta name=\"twitter:card\" content=\"summary_large_image\" \/>\n<meta name=\"twitter:label1\" content=\"Written by\" \/>\n\t<meta name=\"twitter:data1\" content=\"Klaudia Malesi\u0144ska\" \/>\n\t<meta name=\"twitter:label2\" content=\"Est. reading time\" \/>\n\t<meta name=\"twitter:data2\" content=\"1 minute\" \/>\n<script type=\"application\/ld+json\" class=\"yoast-schema-graph\">{\"@context\":\"https:\/\/schema.org\",\"@graph\":[{\"@type\":\"Article\",\"@id\":\"https:\/\/biennaledladziecka.pl\/en\/we-are-announcing-an-open-call-for-a-musical-event-for-children\/#article\",\"isPartOf\":{\"@id\":\"https:\/\/biennaledladziecka.pl\/en\/we-are-announcing-an-open-call-for-a-musical-event-for-children\/\"},\"author\":{\"name\":\"Klaudia Malesi\u0144ska\",\"@id\":\"https:\/\/biennaledladziecka.pl\/#\/schema\/person\/d1e9991d2b6979793b6825fb28f56c1a\"},\"headline\":\"We are announcing an Open call for a Musical Event for Children\",\"datePublished\":\"2026-04-17T11:02:47+00:00\",\"mainEntityOfPage\":{\"@id\":\"https:\/\/biennaledladziecka.pl\/en\/we-are-announcing-an-open-call-for-a-musical-event-for-children\/\"},\"wordCount\":12,\"publisher\":{\"@id\":\"https:\/\/biennaledladziecka.pl\/#organization\"},\"image\":{\"@id\":\"https:\/\/biennaledladziecka.pl\/en\/we-are-announcing-an-open-call-for-a-musical-event-for-children\/#primaryimage\"},\"thumbnailUrl\":\"https:\/\/biennaledladziecka.pl\/wp-content\/uploads\/2026\/04\/24.05.2021-koncert-Kukulska-M.Zakrzewski-scaled.jpg\",\"inLanguage\":\"en-US\"},{\"@type\":\"WebPage\",\"@id\":\"https:\/\/biennaledladziecka.pl\/en\/we-are-announcing-an-open-call-for-a-musical-event-for-children\/\",\"url\":\"https:\/\/biennaledladziecka.pl\/en\/we-are-announcing-an-open-call-for-a-musical-event-for-children\/\",\"name\":\"We are announcing an Open call for a Musical Event for Children - Children\u2019s Art Biennale\",\"isPartOf\":{\"@id\":\"https:\/\/biennaledladziecka.pl\/#website\"},\"primaryImageOfPage\":{\"@id\":\"https:\/\/biennaledladziecka.pl\/en\/we-are-announcing-an-open-call-for-a-musical-event-for-children\/#primaryimage\"},\"image\":{\"@id\":\"https:\/\/biennaledladziecka.pl\/en\/we-are-announcing-an-open-call-for-a-musical-event-for-children\/#primaryimage\"},\"thumbnailUrl\":\"https:\/\/biennaledladziecka.pl\/wp-content\/uploads\/2026\/04\/24.05.2021-koncert-Kukulska-M.Zakrzewski-scaled.jpg\",\"datePublished\":\"2026-04-17T11:02:47+00:00\",\"breadcrumb\":{\"@id\":\"https:\/\/biennaledladziecka.pl\/en\/we-are-announcing-an-open-call-for-a-musical-event-for-children\/#breadcrumb\"},\"inLanguage\":\"en-US\",\"potentialAction\":[{\"@type\":\"ReadAction\",\"target\":[\"https:\/\/biennaledladziecka.pl\/en\/we-are-announcing-an-open-call-for-a-musical-event-for-children\/\"]}]},{\"@type\":\"ImageObject\",\"inLanguage\":\"en-US\",\"@id\":\"https:\/\/biennaledladziecka.pl\/en\/we-are-announcing-an-open-call-for-a-musical-event-for-children\/#primaryimage\",\"url\":\"https:\/\/biennaledladziecka.pl\/wp-content\/uploads\/2026\/04\/24.05.2021-koncert-Kukulska-M.Zakrzewski-scaled.jpg\",\"contentUrl\":\"https:\/\/biennaledladziecka.pl\/wp-content\/uploads\/2026\/04\/24.05.2021-koncert-Kukulska-M.Zakrzewski-scaled.jpg\",\"width\":2560,\"height\":1706,\"caption\":\"kobieta ta\u0144czy na scenie, w tle m\u0119\u017cczyzna gra na gitarze\"},{\"@type\":\"BreadcrumbList\",\"@id\":\"https:\/\/biennaledladziecka.pl\/en\/we-are-announcing-an-open-call-for-a-musical-event-for-children\/#breadcrumb\",\"itemListElement\":[{\"@type\":\"ListItem\",\"position\":1,\"name\":\"Strona g\u0142\u00f3wna\",\"item\":\"https:\/\/biennaledladziecka.pl\/en\/\"},{\"@type\":\"ListItem\",\"position\":2,\"name\":\"We are announcing an Open call for a Musical Event for Children\"}]},{\"@type\":\"WebSite\",\"@id\":\"https:\/\/biennaledladziecka.pl\/#website\",\"url\":\"https:\/\/biennaledladziecka.pl\/\",\"name\":\"Biennale Sztuki dla Dziecka\",\"description\":\"\",\"publisher\":{\"@id\":\"https:\/\/biennaledladziecka.pl\/#organization\"},\"potentialAction\":[{\"@type\":\"SearchAction\",\"target\":{\"@type\":\"EntryPoint\",\"urlTemplate\":\"https:\/\/biennaledladziecka.pl\/?s={search_term_string}\"},\"query-input\":{\"@type\":\"PropertyValueSpecification\",\"valueRequired\":true,\"valueName\":\"search_term_string\"}}],\"inLanguage\":\"en-US\"},{\"@type\":\"Organization\",\"@id\":\"https:\/\/biennaledladziecka.pl\/#organization\",\"name\":\"Biennale Sztuki dla Dziecka\",\"url\":\"https:\/\/biennaledladziecka.pl\/\",\"logo\":{\"@type\":\"ImageObject\",\"inLanguage\":\"en-US\",\"@id\":\"https:\/\/biennaledladziecka.pl\/#\/schema\/logo\/image\/\",\"url\":\"https:\/\/biennaledladziecka.pl\/wp-content\/uploads\/2025\/01\/461333142_528284736576056_5597211277759003793_n.jpg\",\"contentUrl\":\"https:\/\/biennaledladziecka.pl\/wp-content\/uploads\/2025\/01\/461333142_528284736576056_5597211277759003793_n.jpg\",\"width\":801,\"height\":800,\"caption\":\"Biennale Sztuki dla Dziecka\"},\"image\":{\"@id\":\"https:\/\/biennaledladziecka.pl\/#\/schema\/logo\/image\/\"},\"sameAs\":[\"https:\/\/www.facebook.com\/BiennaleSztukiDziecka\"]},{\"@type\":\"Person\",\"@id\":\"https:\/\/biennaledladziecka.pl\/#\/schema\/person\/d1e9991d2b6979793b6825fb28f56c1a\",\"name\":\"Klaudia Malesi\u0144ska\",\"image\":{\"@type\":\"ImageObject\",\"inLanguage\":\"en-US\",\"@id\":\"https:\/\/biennaledladziecka.pl\/#\/schema\/person\/image\/\",\"url\":\"https:\/\/secure.gravatar.com\/avatar\/b44c7edb5e8df59a18e19278ddfe0dc607d3d40ebbd315219bad4a4d27b8b180?s=96&d=mm&r=g\",\"contentUrl\":\"https:\/\/secure.gravatar.com\/avatar\/b44c7edb5e8df59a18e19278ddfe0dc607d3d40ebbd315219bad4a4d27b8b180?s=96&d=mm&r=g\",\"caption\":\"Klaudia Malesi\u0144ska\"},\"url\":\"https:\/\/biennaledladziecka.pl\/en\/author\/klaudia\/\"}]}<\/script>\n<!-- \/ Yoast SEO plugin. -->","yoast_head_json":{"title":"We are announcing an Open call for a Musical Event for Children - Children\u2019s Art Biennale","robots":{"index":"index","follow":"follow","max-snippet":"max-snippet:-1","max-image-preview":"max-image-preview:large","max-video-preview":"max-video-preview:-1"},"canonical":"https:\/\/biennaledladziecka.pl\/en\/we-are-announcing-an-open-call-for-a-musical-event-for-children\/","og_locale":"en_US","og_type":"article","og_title":"We are announcing an Open call for a Musical Event for Children - Children\u2019s Art Biennale","og_url":"https:\/\/biennaledladziecka.pl\/en\/we-are-announcing-an-open-call-for-a-musical-event-for-children\/","og_site_name":"Children\u2019s Art Biennale","article_publisher":"https:\/\/www.facebook.com\/BiennaleSztukiDziecka","article_published_time":"2026-04-17T11:02:47+00:00","og_image":[{"width":2560,"height":1706,"url":"https:\/\/biennaledladziecka.pl\/wp-content\/uploads\/2026\/04\/24.05.2021-koncert-Kukulska-M.Zakrzewski-scaled.jpg","type":"image\/jpeg"}],"author":"Klaudia Malesi\u0144ska","twitter_card":"summary_large_image","twitter_misc":{"Written by":"Klaudia Malesi\u0144ska","Est. reading time":"1 minute"},"schema":{"@context":"https:\/\/schema.org","@graph":[{"@type":"Article","@id":"https:\/\/biennaledladziecka.pl\/en\/we-are-announcing-an-open-call-for-a-musical-event-for-children\/#article","isPartOf":{"@id":"https:\/\/biennaledladziecka.pl\/en\/we-are-announcing-an-open-call-for-a-musical-event-for-children\/"},"author":{"name":"Klaudia Malesi\u0144ska","@id":"https:\/\/biennaledladziecka.pl\/#\/schema\/person\/d1e9991d2b6979793b6825fb28f56c1a"},"headline":"We are announcing an Open call for a Musical Event for Children","datePublished":"2026-04-17T11:02:47+00:00","mainEntityOfPage":{"@id":"https:\/\/biennaledladziecka.pl\/en\/we-are-announcing-an-open-call-for-a-musical-event-for-children\/"},"wordCount":12,"publisher":{"@id":"https:\/\/biennaledladziecka.pl\/#organization"},"image":{"@id":"https:\/\/biennaledladziecka.pl\/en\/we-are-announcing-an-open-call-for-a-musical-event-for-children\/#primaryimage"},"thumbnailUrl":"https:\/\/biennaledladziecka.pl\/wp-content\/uploads\/2026\/04\/24.05.2021-koncert-Kukulska-M.Zakrzewski-scaled.jpg","inLanguage":"en-US"},{"@type":"WebPage","@id":"https:\/\/biennaledladziecka.pl\/en\/we-are-announcing-an-open-call-for-a-musical-event-for-children\/","url":"https:\/\/biennaledladziecka.pl\/en\/we-are-announcing-an-open-call-for-a-musical-event-for-children\/","name":"We are announcing an Open call for a Musical Event for Children - Children\u2019s Art Biennale","isPartOf":{"@id":"https:\/\/biennaledladziecka.pl\/#website"},"primaryImageOfPage":{"@id":"https:\/\/biennaledladziecka.pl\/en\/we-are-announcing-an-open-call-for-a-musical-event-for-children\/#primaryimage"},"image":{"@id":"https:\/\/biennaledladziecka.pl\/en\/we-are-announcing-an-open-call-for-a-musical-event-for-children\/#primaryimage"},"thumbnailUrl":"https:\/\/biennaledladziecka.pl\/wp-content\/uploads\/2026\/04\/24.05.2021-koncert-Kukulska-M.Zakrzewski-scaled.jpg","datePublished":"2026-04-17T11:02:47+00:00","breadcrumb":{"@id":"https:\/\/biennaledladziecka.pl\/en\/we-are-announcing-an-open-call-for-a-musical-event-for-children\/#breadcrumb"},"inLanguage":"en-US","potentialAction":[{"@type":"ReadAction","target":["https:\/\/biennaledladziecka.pl\/en\/we-are-announcing-an-open-call-for-a-musical-event-for-children\/"]}]},{"@type":"ImageObject","inLanguage":"en-US","@id":"https:\/\/biennaledladziecka.pl\/en\/we-are-announcing-an-open-call-for-a-musical-event-for-children\/#primaryimage","url":"https:\/\/biennaledladziecka.pl\/wp-content\/uploads\/2026\/04\/24.05.2021-koncert-Kukulska-M.Zakrzewski-scaled.jpg","contentUrl":"https:\/\/biennaledladziecka.pl\/wp-content\/uploads\/2026\/04\/24.05.2021-koncert-Kukulska-M.Zakrzewski-scaled.jpg","width":2560,"height":1706,"caption":"kobieta ta\u0144czy na scenie, w tle m\u0119\u017cczyzna gra na gitarze"},{"@type":"BreadcrumbList","@id":"https:\/\/biennaledladziecka.pl\/en\/we-are-announcing-an-open-call-for-a-musical-event-for-children\/#breadcrumb","itemListElement":[{"@type":"ListItem","position":1,"name":"Strona g\u0142\u00f3wna","item":"https:\/\/biennaledladziecka.pl\/en\/"},{"@type":"ListItem","position":2,"name":"We are announcing an Open call for a Musical Event for Children"}]},{"@type":"WebSite","@id":"https:\/\/biennaledladziecka.pl\/#website","url":"https:\/\/biennaledladziecka.pl\/","name":"Biennale Sztuki dla Dziecka","description":"","publisher":{"@id":"https:\/\/biennaledladziecka.pl\/#organization"},"potentialAction":[{"@type":"SearchAction","target":{"@type":"EntryPoint","urlTemplate":"https:\/\/biennaledladziecka.pl\/?s={search_term_string}"},"query-input":{"@type":"PropertyValueSpecification","valueRequired":true,"valueName":"search_term_string"}}],"inLanguage":"en-US"},{"@type":"Organization","@id":"https:\/\/biennaledladziecka.pl\/#organization","name":"Biennale Sztuki dla Dziecka","url":"https:\/\/biennaledladziecka.pl\/","logo":{"@type":"ImageObject","inLanguage":"en-US","@id":"https:\/\/biennaledladziecka.pl\/#\/schema\/logo\/image\/","url":"https:\/\/biennaledladziecka.pl\/wp-content\/uploads\/2025\/01\/461333142_528284736576056_5597211277759003793_n.jpg","contentUrl":"https:\/\/biennaledladziecka.pl\/wp-content\/uploads\/2025\/01\/461333142_528284736576056_5597211277759003793_n.jpg","width":801,"height":800,"caption":"Biennale Sztuki dla Dziecka"},"image":{"@id":"https:\/\/biennaledladziecka.pl\/#\/schema\/logo\/image\/"},"sameAs":["https:\/\/www.facebook.com\/BiennaleSztukiDziecka"]},{"@type":"Person","@id":"https:\/\/biennaledladziecka.pl\/#\/schema\/person\/d1e9991d2b6979793b6825fb28f56c1a","name":"Klaudia Malesi\u0144ska","image":{"@type":"ImageObject","inLanguage":"en-US","@id":"https:\/\/biennaledladziecka.pl\/#\/schema\/person\/image\/","url":"https:\/\/secure.gravatar.com\/avatar\/b44c7edb5e8df59a18e19278ddfe0dc607d3d40ebbd315219bad4a4d27b8b180?s=96&d=mm&r=g","contentUrl":"https:\/\/secure.gravatar.com\/avatar\/b44c7edb5e8df59a18e19278ddfe0dc607d3d40ebbd315219bad4a4d27b8b180?s=96&d=mm&r=g","caption":"Klaudia Malesi\u0144ska"},"url":"https:\/\/biennaledladziecka.pl\/en\/author\/klaudia\/"}]}},"_links":{"self":[{"href":"https:\/\/biennaledladziecka.pl\/en\/wp-json\/wp\/v2\/posts\/6134","targetHints":{"allow":["GET"]}}],"collection":[{"href":"https:\/\/biennaledladziecka.pl\/en\/wp-json\/wp\/v2\/posts"}],"about":[{"href":"https:\/\/biennaledladziecka.pl\/en\/wp-json\/wp\/v2\/types\/post"}],"author":[{"embeddable":true,"href":"https:\/\/biennaledladziecka.pl\/en\/wp-json\/wp\/v2\/users\/13"}],"replies":[{"embeddable":true,"href":"https:\/\/biennaledladziecka.pl\/en\/wp-json\/wp\/v2\/comments?post=6134"}],"version-history":[{"count":2,"href":"https:\/\/biennaledladziecka.pl\/en\/wp-json\/wp\/v2\/posts\/6134\/revisions"}],"predecessor-version":[{"id":6136,"href":"https:\/\/biennaledladziecka.pl\/en\/wp-json\/wp\/v2\/posts\/6134\/revisions\/6136"}],"wp:featuredmedia":[{"embeddable":true,"href":"https:\/\/biennaledladziecka.pl\/en\/wp-json\/wp\/v2\/media\/6112"}],"wp:attachment":[{"href":"https:\/\/biennaledladziecka.pl\/en\/wp-json\/wp\/v2\/media?parent=6134"}],"wp:term":[{"taxonomy":"post_tag","embeddable":true,"href":"https:\/\/biennaledladziecka.pl\/en\/wp-json\/wp\/v2\/tags?post=6134"}],"curies":[{"name":"wp","href":"https:\/\/api.w.org\/{rel}","templated":true}]}}